{"id":19236,"date":"2025-12-03T08:48:26","date_gmt":"2025-12-03T07:48:26","guid":{"rendered":"https:\/\/varmeco.de\/?p=19236"},"modified":"2026-01-27T16:18:28","modified_gmt":"2026-01-27T15:18:28","slug":"varmeco-lebt-die-waermewende-unsere-eigene-pv-pvt-anlage-im-fokus","status":"publish","type":"post","link":"https:\/\/varmeco.de\/it\/allgemein\/varmeco-lebt-die-waermewende-unsere-eigene-pv-pvt-anlage-im-fokus\/","title":{"rendered":"varmeco vive la transizione termica - il nostro sistema FV &amp; PVT in primo piano"},"content":{"rendered":"<p><\/p>\n\n\n\n<p class=\"has-text-align-left\">La nostra filosofia aziendale \u00e8 chiara: <strong>Vogliamo fare la differenza e promuovere attivamente la transizione del riscaldamento.<\/strong> Non ci vediamo come insegnanti, ma come <strong>Partner di progetto e datori di lavoro affidabili<\/strong>, che sono convinti dei vantaggi della moderna tecnologia energetica. Proprio per questo motivo implementiamo soluzioni sostenibili non solo per i nostri clienti, ma anche per i nostri stessi clienti. <strong>nella propria azienda<\/strong> coerentemente. Una pietra miliare importante \u00e8 il nostro <strong>Sistema di copertura FV e FVT presso il sito di Kaufbeuren<\/strong>, che nel 2025 \u00e8 stato oggetto di particolare attenzione.<\/p>\n\n\n\n<figure class=\"wp-block-image aligncenter size-large is-resized is-style-default\"><img fetchpriority=\"high\" decoding=\"async\" width=\"1024\" height=\"768\" src=\"https:\/\/varmeco.de\/wp-content\/uploads\/2025\/12\/20250826_113755-1024x768.jpg\" alt=\"Sistema di copertura FV e FVT presso il sito di Kaufbeuren\" class=\"wp-image-19238\" style=\"width:541px;height:auto\" title=\"\" srcset=\"https:\/\/varmeco.de\/wp-content\/uploads\/2025\/12\/20250826_113755-1024x768.jpg 1024w, https:\/\/varmeco.de\/wp-content\/uploads\/2025\/12\/20250826_113755-300x225.jpg 300w, https:\/\/varmeco.de\/wp-content\/uploads\/2025\/12\/20250826_113755-768x576.jpg 768w, https:\/\/varmeco.de\/wp-content\/uploads\/2025\/12\/20250826_113755-1536x1152.jpg 1536w, https:\/\/varmeco.de\/wp-content\/uploads\/2025\/12\/20250826_113755-2048x1536.jpg 2048w, https:\/\/varmeco.de\/wp-content\/uploads\/2025\/12\/20250826_113755-16x12.jpg 16w\" sizes=\"(max-width: 1024px) 100vw, 1024px\" \/><figcaption class=\"wp-element-caption\">Sistema di copertura FV e FVT presso il sito di Kaufbeuren<\/figcaption><\/figure>\n\n\n\n<h2 class=\"wp-block-heading\"><strong>Potenza e rendimento energetico: il nostro contributo alla transizione energetica<\/strong><\/h2>\n\n\n\n<h3 class=\"wp-block-heading\">Impianto fotovoltaico (messa in funzione 2024)<\/h3>\n\n\n\n<ul class=\"wp-block-list\">\n<li><strong>406 \u00d7 445 moduli fotovoltaici Wp<\/strong><\/li>\n\n\n\n<li><strong>181 kWp di potenza del sistema<\/strong><\/li>\n\n\n\n<li><strong>176.000 kWh di elettricit\u00e0 generata nel 2025 (entro met\u00e0 ottobre)<\/strong><\/li>\n\n\n\n<li>Consumo proprio, tra l'altro:\n<ul class=\"wp-block-list\">\n<li>Auto elettriche<\/li>\n\n\n\n<li>Ufficio, magazzino e attrezzature<\/li>\n\n\n\n<li><strong>2\u00d7 eXm pro<\/strong><\/li>\n<\/ul>\n<\/li>\n<\/ul>\n\n\n\n<h3 class=\"wp-block-heading\">Impianto FVT (messa in funzione 01.08.2025)<\/h3>\n\n\n\n<ul class=\"wp-block-list\">\n<li><strong>10 moduli PVT da 350 Wp<\/strong><\/li>\n\n\n\n<li><strong>3,5 kWp elettrico<\/strong><\/li>\n\n\n\n<li><strong>540 kWh di immissione in rete di energia termica<\/strong><\/li>\n<\/ul>\n\n\n\n<h3 class=\"wp-block-heading\">\ud83d\udff0 Uscita totale del sistema: <strong>184,5 kWp<\/strong><\/h3>\n\n\n\n<hr class=\"wp-block-separator has-alpha-channel-opacity\"\/>\n\n\n\n<h2 class=\"wp-block-heading\"><strong>Il nostro bilancio energetico 2025<\/strong><\/h2>\n\n\n\n<p class=\"has-text-align-left\">L'elettricit\u00e0 gi\u00e0 prodotta a met\u00e0 ottobre significa:<\/p>\n\n\n\n<ul class=\"wp-block-list\">\n<li>\ud83c\udf33 <strong>115 alberi piantati<\/strong> (equivalente)<\/li>\n\n\n\n<li>\u267b\ufe0f <strong>84 tonnellate di emissioni di CO\u2082 evitate<\/strong><\/li>\n\n\n\n<li>\u26ab <strong>71 tonnellate di carbone risparmiate<\/strong><\/li>\n<\/ul>\n\n\n\n<p class=\"has-text-align-left\">Questo dimostra: <strong>La protezione del clima funziona - se lo fate voi.<\/strong><\/p>\n\n\n\n<h2 class=\"wp-block-heading\"><strong>Perch\u00e9 lo facciamo<\/strong><\/h2>\n\n\n\n<p class=\"has-text-align-left\">Il solare termico e la tecnologia PVT non fanno solo parte del nostro mondo di prodotti, ma sono parte della nostra convinzione.<br>Vogliamo dimostrare che <strong>Responsabilit\u00e0 ecologica, vantaggi economici ed efficienza tecnica<\/strong> appartengono insieme. In qualit\u00e0 di produttori di moderne tecnologie di riscaldamento, siamo l'esempio di ci\u00f2 che rendiamo possibile ai nostri partner: <strong>gestione sostenibile ed efficiente dal punto di vista energetico.<\/strong><\/p>\n\n\n\n<h2 class=\"wp-block-heading\"><strong>Prospettive: I nostri prossimi passi<\/strong><\/h2>\n\n\n\n<p class=\"has-text-align-left\">Nel 2026, vi porteremo con noi in modo ancora pi\u00f9 dettagliato nel nostro viaggio per diventare un'azienda che \u00e8 <strong>pi\u00f9 efficienti dal punto di vista energetico, rispettosi del clima e delle risorse.<\/strong> gestito.<br>Restate sintonizzati: ne arriveranno altri!<\/p>","protected":false},"excerpt":{"rendered":"<p>Unsere Unternehmensphilosophie ist klar: Wir wollen etwas ver\u00e4ndern \u2013 und die W\u00e4rmewende aktiv voranbringen. Dabei verstehen wir uns nicht als [&hellip;]<\/p>\n","protected":false},"author":7,"featured_media":19237,"comment_status":"closed","ping_status":"closed","sticky":false,"template":"","format":"standard","meta":{"_acf_changed":false,"site-sidebar-layout":"default","site-content-layout":"","ast-site-content-layout":"default","site-content-style":"default","site-sidebar-style":"default","ast-global-header-display":"","ast-banner-title-visibility":"","ast-main-header-display":"","ast-hfb-above-header-display":"","ast-hfb-below-header-display":"","ast-hfb-mobile-header-display":"","site-post-title":"","ast-breadcrumbs-content":"","ast-featured-img":"","footer-sml-layout":"","ast-disable-related-posts":"","theme-transparent-header-meta":"","adv-header-id-meta":"","stick-header-meta":"","header-above-stick-meta":"","header-main-stick-meta":"","header-below-stick-meta":"","astra-migrate-meta-layouts":"set","ast-page-background-enabled":"default","ast-page-background-meta":{"desktop":{"background-color":"","background-image":"","background-repeat":"repeat","background-position":"center center","background-size":"auto","background-attachment":"scroll","background-type":"","background-media":"","overlay-type":"","overlay-color":"","overlay-opacity":"","overlay-gradient":""},"tablet":{"background-color":"","background-image":"","background-repeat":"repeat","background-position":"center center","background-size":"auto","background-attachment":"scroll","background-type":"","background-media":"","overlay-type":"","overlay-color":"","overlay-opacity":"","overlay-gradient":""},"mobile":{"background-color":"","background-image":"","background-repeat":"repeat","background-position":"center center","background-size":"auto","background-attachment":"scroll","background-type":"","background-media":"","overlay-type":"","overlay-color":"","overlay-opacity":"","overlay-gradient":""}},"ast-content-background-meta":{"desktop":{"background-color":"var(--ast-global-color-5)","background-image":"","background-repeat":"repeat","background-position":"center center","background-size":"auto","background-attachment":"scroll","background-type":"","background-media":"","overlay-type":"","overlay-color":"","overlay-opacity":"","overlay-gradient":""},"tablet":{"background-color":"var(--ast-global-color-5)","background-image":"","background-repeat":"repeat","background-position":"center center","background-size":"auto","background-attachment":"scroll","background-type":"","background-media":"","overlay-type":"","overlay-color":"","overlay-opacity":"","overlay-gradient":""},"mobile":{"background-color":"var(--ast-global-color-5)","background-image":"","background-repeat":"repeat","background-position":"center center","background-size":"auto","background-attachment":"scroll","background-type":"","background-media":"","overlay-type":"","overlay-color":"","overlay-opacity":"","overlay-gradient":""}},"footnotes":""},"categories":[1],"tags":[],"post_folder":[],"class_list":["post-19236","post","type-post","status-publish","format-standard","has-post-thumbnail","hentry","category-allgemein"],"acf":[],"_links":{"self":[{"href":"https:\/\/varmeco.de\/it\/wp-json\/wp\/v2\/posts\/19236","targetHints":{"allow":["GET"]}}],"collection":[{"href":"https:\/\/varmeco.de\/it\/wp-json\/wp\/v2\/posts"}],"about":[{"href":"https:\/\/varmeco.de\/it\/wp-json\/wp\/v2\/types\/post"}],"author":[{"embeddable":true,"href":"https:\/\/varmeco.de\/it\/wp-json\/wp\/v2\/users\/7"}],"replies":[{"embeddable":true,"href":"https:\/\/varmeco.de\/it\/wp-json\/wp\/v2\/comments?post=19236"}],"version-history":[{"count":7,"href":"https:\/\/varmeco.de\/it\/wp-json\/wp\/v2\/posts\/19236\/revisions"}],"predecessor-version":[{"id":20729,"href":"https:\/\/varmeco.de\/it\/wp-json\/wp\/v2\/posts\/19236\/revisions\/20729"}],"wp:featuredmedia":[{"embeddable":true,"href":"https:\/\/varmeco.de\/it\/wp-json\/wp\/v2\/media\/19237"}],"wp:attachment":[{"href":"https:\/\/varmeco.de\/it\/wp-json\/wp\/v2\/media?parent=19236"}],"wp:term":[{"taxonomy":"category","embeddable":true,"href":"https:\/\/varmeco.de\/it\/wp-json\/wp\/v2\/categories?post=19236"},{"taxonomy":"post_tag","embeddable":true,"href":"https:\/\/varmeco.de\/it\/wp-json\/wp\/v2\/tags?post=19236"},{"taxonomy":"post_folder","embeddable":true,"href":"https:\/\/varmeco.de\/it\/wp-json\/wp\/v2\/post_folder?post=19236"}],"curies":[{"name":"wp","href":"https:\/\/api.w.org\/{rel}","templated":true}]}}