{"id":5029,"date":"2021-07-10T11:32:06","date_gmt":"2021-07-10T09:32:06","guid":{"rendered":"https:\/\/varmeco.de\/?p=5029"},"modified":"2026-04-22T19:42:24","modified_gmt":"2026-04-22T17:42:24","slug":"augsburg-wohnanlage-hammerschmiede","status":"publish","type":"post","link":"https:\/\/varmeco.de\/it\/referenzen\/augsburg-wohnanlage-hammerschmiede\/","title":{"rendered":"Augsburg - Complesso residenziale Hammerschmiede"},"content":{"rendered":"<div data-elementor-type=\"wp-post\" data-elementor-id=\"5029\" class=\"elementor elementor-5029\" data-elementor-post-type=\"post\">\n\t\t\t\t<div class=\"elementor-element elementor-element-97c54b2 e-flex e-con-boxed e-con e-parent\" data-id=\"97c54b2\" data-element_type=\"container\" data-e-type=\"container\">\n\t\t\t\t\t<div class=\"e-con-inner\">\n\t\t\t\t<div class=\"elementor-element elementor-element-a46b5c4 elementor-widget elementor-widget-heading\" data-id=\"a46b5c4\" data-element_type=\"widget\" data-e-type=\"widget\" data-widget_type=\"heading.default\">\n\t\t\t\t<div class=\"elementor-widget-container\">\n\t\t\t\t\t<h1 class=\"elementor-heading-title elementor-size-default\">Augsburg - Complesso residenziale Hammerschmiede<\/h1>\t\t\t\t<\/div>\n\t\t\t\t<\/div>\n\t\t\t\t\t<\/div>\n\t\t\t\t<\/div>\n\t\t<div class=\"elementor-element elementor-element-711056d e-flex e-con-boxed e-con e-parent\" data-id=\"711056d\" data-element_type=\"container\" data-e-type=\"container\">\n\t\t\t\t\t<div class=\"e-con-inner\">\n\t\t<div class=\"elementor-element elementor-element-ea763f2 e-con-full e-flex e-con e-child\" data-id=\"ea763f2\" data-element_type=\"container\" data-e-type=\"container\">\n\t\t\t\t<div class=\"elementor-element elementor-element-0a63202 elementor-arrows-position-inside elementor-pagination-position-outside elementor-widget elementor-widget-image-carousel\" data-id=\"0a63202\" data-element_type=\"widget\" data-e-type=\"widget\" data-settings=\"{&quot;slides_to_show&quot;:&quot;1&quot;,&quot;navigation&quot;:&quot;both&quot;,&quot;autoplay&quot;:&quot;yes&quot;,&quot;pause_on_hover&quot;:&quot;yes&quot;,&quot;pause_on_interaction&quot;:&quot;yes&quot;,&quot;autoplay_speed&quot;:5000,&quot;infinite&quot;:&quot;yes&quot;,&quot;effect&quot;:&quot;slide&quot;,&quot;speed&quot;:500}\" data-widget_type=\"image-carousel.default\">\n\t\t\t\t<div class=\"elementor-widget-container\">\n\t\t\t\t\t\t\t<div class=\"elementor-image-carousel-wrapper swiper\" role=\"region\" aria-roledescription=\"carousel\" aria-label=\"Carosello di immagini\" dir=\"ltr\">\n\t\t\t<div class=\"elementor-image-carousel swiper-wrapper swiper-image-stretch\" aria-live=\"off\">\n\t\t\t\t\t\t\t\t<div class=\"swiper-slide\" role=\"group\" aria-roledescription=\"slide\" aria-label=\"1 of 2\" data-no-translation-aria-label=\"\"><figure class=\"swiper-slide-inner\"><img decoding=\"async\" class=\"swiper-slide-image\" src=\"https:\/\/varmeco.de\/wp-content\/uploads\/2021\/06\/86167-Augsburg-Wohnanlage-Hammerschmiede-800_01.jpg\" alt=\"86167-Augsburg-Wohnanlage-Hammerschmiede-800_01\" title=\"\"><\/figure><\/div><div class=\"swiper-slide\" role=\"group\" aria-roledescription=\"slide\" aria-label=\"2 of 2\" data-no-translation-aria-label=\"\"><figure class=\"swiper-slide-inner\"><img decoding=\"async\" class=\"swiper-slide-image\" src=\"https:\/\/varmeco.de\/wp-content\/uploads\/2021\/06\/86167-Augsburg-Wohnanlage-Hammerschmiede-800_02.jpg\" alt=\"86167-Augsburg-Wohnanlage-Hammerschmiede-800_02\" title=\"\"><\/figure><\/div>\t\t\t<\/div>\n\t\t\t\t\t\t\t\t\t\t\t\t<div class=\"elementor-swiper-button elementor-swiper-button-prev\" role=\"button\" tabindex=\"0\">\n\t\t\t\t\t\t<i aria-hidden=\"true\" class=\"eicon-chevron-left\"><\/i>\t\t\t\t\t<\/div>\n\t\t\t\t\t<div class=\"elementor-swiper-button elementor-swiper-button-next\" role=\"button\" tabindex=\"0\">\n\t\t\t\t\t\t<i aria-hidden=\"true\" class=\"eicon-chevron-right\"><\/i>\t\t\t\t\t<\/div>\n\t\t\t\t\n\t\t\t\t\t\t\t\t\t<div class=\"swiper-pagination\"><\/div>\n\t\t\t\t\t\t\t\t\t<\/div>\n\t\t\t\t\t\t<\/div>\n\t\t\t\t<\/div>\n\t\t<div class=\"elementor-element elementor-element-31b3a8f e-con-full e-flex e-con e-child\" data-id=\"31b3a8f\" data-element_type=\"container\" data-e-type=\"container\">\n\t\t\t\t<div class=\"elementor-element elementor-element-265bb5d elementor-widget elementor-widget-heading\" data-id=\"265bb5d\" data-element_type=\"widget\" data-e-type=\"widget\" data-widget_type=\"heading.default\">\n\t\t\t\t<div class=\"elementor-widget-container\">\n\t\t\t\t\t<h1 class=\"elementor-heading-title elementor-size-default\">Fornitura di teleriscaldamento pi\u00f9 efficiente grazie all'eXergiemaschine e alla stratificazione ottimizzata della temperatura<\/h1>\t\t\t\t<\/div>\n\t\t\t\t<\/div>\n\t\t\t\t<\/div>\n\t\t<div class=\"elementor-element elementor-element-8f6c34d e-con-full e-flex e-con e-child\" data-id=\"8f6c34d\" data-element_type=\"container\" data-e-type=\"container\">\n\t\t<div class=\"elementor-element elementor-element-71cde34 e-con-full e-flex e-con e-child\" data-id=\"71cde34\" data-element_type=\"container\" data-e-type=\"container\" data-settings=\"{&quot;background_background&quot;:&quot;classic&quot;}\">\n\t\t\t\t<div class=\"elementor-element elementor-element-dafecec elementor-icon-list--layout-traditional elementor-list-item-link-full_width elementor-widget elementor-widget-icon-list\" data-id=\"dafecec\" data-element_type=\"widget\" data-e-type=\"widget\" data-widget_type=\"icon-list.default\">\n\t\t\t\t<div class=\"elementor-widget-container\">\n\t\t\t\t\t\t\t<ul class=\"elementor-icon-list-items\">\n\t\t\t\t\t\t\t<li class=\"elementor-icon-list-item\">\n\t\t\t\t\t\t\t\t\t\t\t<span class=\"elementor-icon-list-icon\">\n\t\t\t\t\t\t\t<i aria-hidden=\"true\" class=\"icon icon-chevron-right\"><\/i>\t\t\t\t\t\t<\/span>\n\t\t\t\t\t\t\t\t\t\t<span class=\"elementor-icon-list-text\">Messa in servizio: 2020<\/span>\n\t\t\t\t\t\t\t\t\t<\/li>\n\t\t\t\t\t\t\t\t<li class=\"elementor-icon-list-item\">\n\t\t\t\t\t\t\t\t\t\t\t<span class=\"elementor-icon-list-icon\">\n\t\t\t\t\t\t\t<i aria-hidden=\"true\" class=\"icon icon-chevron-right\"><\/i>\t\t\t\t\t\t<\/span>\n\t\t\t\t\t\t\t\t\t\t<span class=\"elementor-icon-list-text\">Versione: Vfn 2-cascata ExOpt<\/span>\n\t\t\t\t\t\t\t\t\t<\/li>\n\t\t\t\t\t\t\t\t<li class=\"elementor-icon-list-item\">\n\t\t\t\t\t\t\t\t\t\t\t<span class=\"elementor-icon-list-icon\">\n\t\t\t\t\t\t\t<i aria-hidden=\"true\" class=\"icon icon-chevron-right\"><\/i>\t\t\t\t\t\t<\/span>\n\t\t\t\t\t\t\t\t\t\t<span class=\"elementor-icon-list-text\">Capacit\u00e0 di versamento: 50 l\/min per sistema<\/span>\n\t\t\t\t\t\t\t\t\t<\/li>\n\t\t\t\t\t\t\t\t<li class=\"elementor-icon-list-item\">\n\t\t\t\t\t\t\t\t\t\t\t<span class=\"elementor-icon-list-icon\">\n\t\t\t\t\t\t\t<i aria-hidden=\"true\" class=\"icon icon-chevron-right\"><\/i>\t\t\t\t\t\t<\/span>\n\t\t\t\t\t\t\t\t\t\t<span class=\"elementor-icon-list-text\">Versione di stoccaggio: LWSP in ogni caso<\/span>\n\t\t\t\t\t\t\t\t\t<\/li>\n\t\t\t\t\t\t\t\t<li class=\"elementor-icon-list-item\">\n\t\t\t\t\t\t\t\t\t\t\t<span class=\"elementor-icon-list-icon\">\n\t\t\t\t\t\t\t<i aria-hidden=\"true\" class=\"icon icon-chevron-right\"><\/i>\t\t\t\t\t\t<\/span>\n\t\t\t\t\t\t\t\t\t\t<span class=\"elementor-icon-list-text\">Volume di stoccaggio: 2 x 1000 litri<\/span>\n\t\t\t\t\t\t\t\t\t<\/li>\n\t\t\t\t\t\t<\/ul>\n\t\t\t\t\t\t<\/div>\n\t\t\t\t<\/div>\n\t\t\t\t<\/div>\n\t\t<div class=\"elementor-element elementor-element-cba9681 e-con-full e-flex e-con e-child\" data-id=\"cba9681\" data-element_type=\"container\" data-e-type=\"container\" data-settings=\"{&quot;background_background&quot;:&quot;classic&quot;}\">\n\t\t\t\t<div class=\"elementor-element elementor-element-15a883f elementor-widget elementor-widget-text-editor\" data-id=\"15a883f\" data-element_type=\"widget\" data-e-type=\"widget\" data-widget_type=\"text-editor.default\">\n\t\t\t\t<div class=\"elementor-widget-container\">\n\t\t\t\t\t\t\t\t\t<p>Blocco di appartamenti con allacciamento al teleriscaldamento<br \/>Caratteristica speciale: <br \/>Progetto con <strong>eXergiemaschine<\/strong> per ridurre la temperatura di ritorno FW<\/p>\t\t\t\t\t\t\t\t<\/div>\n\t\t\t\t<\/div>\n\t\t\t\t<\/div>\n\t\t\t\t<\/div>\n\t\t<div class=\"elementor-element elementor-element-5b545c5 e-con-full e-flex e-con e-child\" data-id=\"5b545c5\" data-element_type=\"container\" data-e-type=\"container\">\n\t\t<div class=\"elementor-element elementor-element-49fffef e-con-full e-flex e-con e-child\" data-id=\"49fffef\" data-element_type=\"container\" data-e-type=\"container\" data-settings=\"{&quot;background_background&quot;:&quot;classic&quot;}\">\n\t\t\t\t<div class=\"elementor-element elementor-element-2601c85 elementor-widget elementor-widget-text-editor\" data-id=\"2601c85\" data-element_type=\"widget\" data-e-type=\"widget\" data-widget_type=\"text-editor.default\">\n\t\t\t\t<div class=\"elementor-widget-container\">\n\t\t\t\t\t\t\t\t\t<p>Stadtwerke Augsburg Energie GmbH fornisce il teleriscaldamento a circa 90 unit\u00e0 abitative del gruppo immobiliare. Per aumentare l'efficienza del teleriscaldamento, il fornitore del teleriscaldamento ha utilizzato una <strong>eXergiemaschine<\/strong> Funziona in combinazione con un tampone termico e crea una stratificazione ottimale della temperatura in questo serbatoio di accumulo. In questo modo si crea l'alta temperatura di mandata desiderata sul lato dell'utenza e una bassa temperatura di ritorno in direzione della fonte di calore (collegamento al teleriscaldamento). L'elevata diffusione della temperatura aumenta l'efficienza e allo stesso tempo riduce il numero di cicli di caricamento dell'accumulatore. Le aziende municipali hanno accesso remoto alla tecnologia del sistema e possono quindi tenere sotto controllo i dati di funzionamento.<\/p>\t\t\t\t\t\t\t\t<\/div>\n\t\t\t\t<\/div>\n\t\t\t\t<\/div>\n\t\t\t\t<\/div>\n\t\t\t\t<\/div>\n\t\t\t\t\t<\/div>\n\t\t\t\t<\/div>\n\t\t<div class=\"elementor-element elementor-element-7caa6c59 e-flex e-con-boxed e-con e-parent\" data-id=\"7caa6c59\" data-element_type=\"container\" data-e-type=\"container\">\n\t\t\t\t\t<div class=\"e-con-inner\">\n\t\t\t\t<div class=\"elementor-element elementor-element-38de2fb6 elementor-widget elementor-widget-heading\" data-id=\"38de2fb6\" data-element_type=\"widget\" data-e-type=\"widget\" data-widget_type=\"heading.default\">\n\t\t\t\t<div class=\"elementor-widget-container\">\n\t\t\t\t\t<h2 class=\"elementor-heading-title elementor-size-default\">Altri prodotti<\/h2>\t\t\t\t<\/div>\n\t\t\t\t<\/div>\n\t\t\t\t<div class=\"elementor-element elementor-element-3a6d3a1c uael-post__link-complete-yes uael-equal__height-yes elementor-widget elementor-widget-uael-posts\" data-id=\"3a6d3a1c\" data-element_type=\"widget\" data-e-type=\"widget\" data-settings=\"{&quot;classic_slides_to_show&quot;:3,&quot;classic_slides_to_show_tablet&quot;:2,&quot;classic_slides_to_show_mobile&quot;:1,&quot;classic_show_filters&quot;:&quot;no&quot;}\" data-widget_type=\"uael-posts.classic\">\n\t\t\t\t<div class=\"elementor-widget-container\">\n\t\t\t\t\t\t\t<div class=\"uael-post__header\">\n\t\t\t\t\t<\/div>\n\t\t<div class=\"uael-post__body\">\n\t\t\t\n\t\t\n\t\t<div class=\"uael-blog-terms-position-above_content uael-post-image-top uael-post-grid uael-posts\" data-query-type=\"custom\" data-structure=\"normal\" data-layout=\"\" data-page=\"5029\" data-skin=\"classic\" data-filter-default=\"\" data-offset-top=\"30\" >\n\n\t\t\t\t\t\t\t<div class=\"uael-post-grid__inner uael-post__columns-3 uael-post__columns-tablet-2 uael-post__columns-mobile-1\">\n\t\t\t\n<div class=\"uael-post-wrapper\">\n\t<div class=\"uael-post__bg-wrap uael-bg-wrap-disabled\">\n\n\t\t\t\t\t<a href=\"https:\/\/varmeco.de\/it\/produkte\/frischwassertechnik\/vario-fresh-nova-kaskade-exopt\/\" target=\"_self\" class=\"uael-post__complete-box-overlay\" aria-label=\"Link Box completo\"><\/a>\n\t\t\t\t\n\t\t<div class=\"uael-post__inner-wrap uael-inner-wrap-disabled\">\n\n\t\t\t\t<div class=\"uael-post__thumbnail\">\n\t\t\t\n\t\t\t<a href=\"https:\/\/varmeco.de\/it\/produkte\/frischwassertechnik\/vario-fresh-nova-kaskade-exopt\/\" target=\"_self\" title=\"VARIO fresh-nova Kaskade ExOpt\"><img fetchpriority=\"high\" decoding=\"async\" width=\"1080\" height=\"1350\" src=\"https:\/\/varmeco.de\/wp-content\/uploads\/2025\/10\/vario_fresh_nova_kaskade_exopt_1080x1350.png\" class=\"attachment-full size-full wp-image-15748\" alt=\"Tecnologia per acqua dolce: VARIO fresh-nova Kaskade ExOpt\" title=\"\" srcset=\"https:\/\/varmeco.de\/wp-content\/uploads\/2025\/10\/vario_fresh_nova_kaskade_exopt_1080x1350.png 1080w, https:\/\/varmeco.de\/wp-content\/uploads\/2025\/10\/vario_fresh_nova_kaskade_exopt_1080x1350-240x300.png 240w, https:\/\/varmeco.de\/wp-content\/uploads\/2025\/10\/vario_fresh_nova_kaskade_exopt_1080x1350-819x1024.png 819w, https:\/\/varmeco.de\/wp-content\/uploads\/2025\/10\/vario_fresh_nova_kaskade_exopt_1080x1350-768x960.png 768w, https:\/\/varmeco.de\/wp-content\/uploads\/2025\/10\/vario_fresh_nova_kaskade_exopt_1080x1350-10x12.png 10w\" sizes=\"(max-width: 1080px) 100vw, 1080px\" \/><\/a>\n\t\t\t\t\t<\/div>\n\t\t\n\t\t\t\n\t\t\t<div class=\"uael-post__content-wrap uael-content-wrap-disabled\">\n\t\t\t\t\t\t\t<div class=\"uael-post__terms-wrap\"><span class=\"uael-post__terms\"><a href=\"https:\/\/varmeco.de\/it\/?produktkategorie=frischwassertechnik\" class=\"uael-listing__terms-link\" id=\"uael-post-term-frischwassertechnik\" aria-labelledby=\"uael-post-term-frischwassertechnik\">Tecnologia dell'acqua dolce<\/a><\/span><\/div>\n\t\t\t\t\t\t<h3 class=\"uael-post__title\">\n\n\t\t\n\t\t\t\t\t\t<a href=\"https:\/\/varmeco.de\/it\/produkte\/frischwassertechnik\/vario-fresh-nova-kaskade-exopt\/\" target=\"_self\">\n\t\t\t\tVARIO fresh-nova Kaskade ExOpt\t\t\t<\/a>\n\n\t\t\t\t<\/h3>\n\t\t\t\t\t<div class=\"uael-post__meta-data\">\n\t\t\t\t\t<\/div>\n\t\t\t\t\t<a class=\"uael-post__read-more elementor-button\" href=\"https:\/\/varmeco.de\/it\/produkte\/frischwassertechnik\/vario-fresh-nova-kaskade-exopt\/\" target=\"_self\" aria-labelledby=\"uael-post-15747\">\n\t\t\t\t\t<span class=\"elementor-button-content-wrapper\">\n\t\t\t\t\t\t\t\t\t\t\t\t\t\t<span class=\"elementor-button-icon elementor-align-icon-left\">\n\n\t\t\t\t\t\t\t\t\t\n\t\t\t\t\t\t\t\t<\/span>\n\t\t\t\t\t\t\t\t\t\t\t\t\t\n\t\t\t\t\t\t<span class=\"elementor-button-text\" id=\"uael-post-15747\">Per saperne di pi\u00f9 \u2192<\/span>\n\t\t\t\t\t<\/span>\n\t\t\t\t<\/a>\n\t\t\t\t\t\t<\/div>\n\t\t\t\n\t\t<\/div>\n\t\t\n\t<\/div>\n\n<\/div>\n\n<div class=\"uael-post-wrapper\">\n\t<div class=\"uael-post__bg-wrap uael-bg-wrap-disabled\">\n\n\t\t\t\t\t<a href=\"https:\/\/varmeco.de\/it\/produkte\/frischwassertechnik\/vario-fresh-nova-kaskade\/\" target=\"_self\" class=\"uael-post__complete-box-overlay\" aria-label=\"Link Box completo\"><\/a>\n\t\t\t\t\n\t\t<div class=\"uael-post__inner-wrap uael-inner-wrap-disabled\">\n\n\t\t\t\t<div class=\"uael-post__thumbnail\">\n\t\t\t\n\t\t\t<a href=\"https:\/\/varmeco.de\/it\/produkte\/frischwassertechnik\/vario-fresh-nova-kaskade\/\" target=\"_self\" title=\"VARIO fresh-nova Kaskade\"><img decoding=\"async\" width=\"1080\" height=\"1350\" src=\"https:\/\/varmeco.de\/wp-content\/uploads\/2025\/10\/vario_fresh_nova_kaskade_1080x1350.png\" class=\"attachment-full size-full wp-image-15745\" alt=\"Tecnologia per acqua dolce: VARIO fresh-nova Kaskade\" title=\"\" srcset=\"https:\/\/varmeco.de\/wp-content\/uploads\/2025\/10\/vario_fresh_nova_kaskade_1080x1350.png 1080w, https:\/\/varmeco.de\/wp-content\/uploads\/2025\/10\/vario_fresh_nova_kaskade_1080x1350-240x300.png 240w, https:\/\/varmeco.de\/wp-content\/uploads\/2025\/10\/vario_fresh_nova_kaskade_1080x1350-819x1024.png 819w, https:\/\/varmeco.de\/wp-content\/uploads\/2025\/10\/vario_fresh_nova_kaskade_1080x1350-768x960.png 768w, https:\/\/varmeco.de\/wp-content\/uploads\/2025\/10\/vario_fresh_nova_kaskade_1080x1350-10x12.png 10w\" sizes=\"(max-width: 1080px) 100vw, 1080px\" \/><\/a>\n\t\t\t\t\t<\/div>\n\t\t\n\t\t\t\n\t\t\t<div class=\"uael-post__content-wrap uael-content-wrap-disabled\">\n\t\t\t\t\t\t\t<div class=\"uael-post__terms-wrap\"><span class=\"uael-post__terms\"><a href=\"https:\/\/varmeco.de\/it\/?produktkategorie=frischwassertechnik\" class=\"uael-listing__terms-link\" id=\"uael-post-term-frischwassertechnik\" aria-labelledby=\"uael-post-term-frischwassertechnik\">Tecnologia dell'acqua dolce<\/a><\/span><\/div>\n\t\t\t\t\t\t<h3 class=\"uael-post__title\">\n\n\t\t\n\t\t\t\t\t\t<a href=\"https:\/\/varmeco.de\/it\/produkte\/frischwassertechnik\/vario-fresh-nova-kaskade\/\" target=\"_self\">\n\t\t\t\tVARIO fresh-nova Kaskade\t\t\t<\/a>\n\n\t\t\t\t<\/h3>\n\t\t\t\t\t<div class=\"uael-post__meta-data\">\n\t\t\t\t\t<\/div>\n\t\t\t\t\t<a class=\"uael-post__read-more elementor-button\" href=\"https:\/\/varmeco.de\/it\/produkte\/frischwassertechnik\/vario-fresh-nova-kaskade\/\" target=\"_self\" aria-labelledby=\"uael-post-15743\">\n\t\t\t\t\t<span class=\"elementor-button-content-wrapper\">\n\t\t\t\t\t\t\t\t\t\t\t\t\t\t<span class=\"elementor-button-icon elementor-align-icon-left\">\n\n\t\t\t\t\t\t\t\t\t\n\t\t\t\t\t\t\t\t<\/span>\n\t\t\t\t\t\t\t\t\t\t\t\t\t\n\t\t\t\t\t\t<span class=\"elementor-button-text\" id=\"uael-post-15743\">Per saperne di pi\u00f9 \u2192<\/span>\n\t\t\t\t\t<\/span>\n\t\t\t\t<\/a>\n\t\t\t\t\t\t<\/div>\n\t\t\t\n\t\t<\/div>\n\t\t\n\t<\/div>\n\n<\/div>\n\n<div class=\"uael-post-wrapper\">\n\t<div class=\"uael-post__bg-wrap uael-bg-wrap-disabled\">\n\n\t\t\t\t\t<a href=\"https:\/\/varmeco.de\/it\/produkte\/frischwassertechnik\/vario-fresh-nova\/\" target=\"_self\" class=\"uael-post__complete-box-overlay\" aria-label=\"Link Box completo\"><\/a>\n\t\t\t\t\n\t\t<div class=\"uael-post__inner-wrap uael-inner-wrap-disabled\">\n\n\t\t\t\t<div class=\"uael-post__thumbnail\">\n\t\t\t\n\t\t\t<a href=\"https:\/\/varmeco.de\/it\/produkte\/frischwassertechnik\/vario-fresh-nova\/\" target=\"_self\" title=\"VARIO fresh-nova\"><img decoding=\"async\" width=\"1080\" height=\"1350\" src=\"https:\/\/varmeco.de\/wp-content\/uploads\/2025\/11\/Frischwassertechnik-VARIO-fresh-nova-offen1.png\" class=\"attachment-full size-full wp-image-17580\" alt=\"VARIO fresh-nova Stazione acqua fresca aperta - Tecnologia interna\" title=\"\" srcset=\"https:\/\/varmeco.de\/wp-content\/uploads\/2025\/11\/Frischwassertechnik-VARIO-fresh-nova-offen1.png 1080w, https:\/\/varmeco.de\/wp-content\/uploads\/2025\/11\/Frischwassertechnik-VARIO-fresh-nova-offen1-240x300.png 240w, https:\/\/varmeco.de\/wp-content\/uploads\/2025\/11\/Frischwassertechnik-VARIO-fresh-nova-offen1-819x1024.png 819w, https:\/\/varmeco.de\/wp-content\/uploads\/2025\/11\/Frischwassertechnik-VARIO-fresh-nova-offen1-768x960.png 768w, https:\/\/varmeco.de\/wp-content\/uploads\/2025\/11\/Frischwassertechnik-VARIO-fresh-nova-offen1-10x12.png 10w\" sizes=\"(max-width: 1080px) 100vw, 1080px\" \/><\/a>\n\t\t\t\t\t<\/div>\n\t\t\n\t\t\t\n\t\t\t<div class=\"uael-post__content-wrap uael-content-wrap-disabled\">\n\t\t\t\t\t\t\t<div class=\"uael-post__terms-wrap\"><span class=\"uael-post__terms\"><a href=\"https:\/\/varmeco.de\/it\/?produktkategorie=frischwassertechnik\" class=\"uael-listing__terms-link\" id=\"uael-post-term-frischwassertechnik\" aria-labelledby=\"uael-post-term-frischwassertechnik\">Tecnologia dell'acqua dolce<\/a><\/span><\/div>\n\t\t\t\t\t\t<h3 class=\"uael-post__title\">\n\n\t\t\n\t\t\t\t\t\t<a href=\"https:\/\/varmeco.de\/it\/produkte\/frischwassertechnik\/vario-fresh-nova\/\" target=\"_self\">\n\t\t\t\tVARIO fresh-nova\t\t\t<\/a>\n\n\t\t\t\t<\/h3>\n\t\t\t\t\t<div class=\"uael-post__meta-data\">\n\t\t\t\t\t<\/div>\n\t\t\t\t\t<a class=\"uael-post__read-more elementor-button\" href=\"https:\/\/varmeco.de\/it\/produkte\/frischwassertechnik\/vario-fresh-nova\/\" target=\"_self\" aria-labelledby=\"uael-post-15734\">\n\t\t\t\t\t<span class=\"elementor-button-content-wrapper\">\n\t\t\t\t\t\t\t\t\t\t\t\t\t\t<span class=\"elementor-button-icon elementor-align-icon-left\">\n\n\t\t\t\t\t\t\t\t\t\n\t\t\t\t\t\t\t\t<\/span>\n\t\t\t\t\t\t\t\t\t\t\t\t\t\n\t\t\t\t\t\t<span class=\"elementor-button-text\" id=\"uael-post-15734\">Per saperne di pi\u00f9 \u2192<\/span>\n\t\t\t\t\t<\/span>\n\t\t\t\t<\/a>\n\t\t\t\t\t\t<\/div>\n\t\t\t\n\t\t<\/div>\n\t\t\n\t<\/div>\n\n<\/div>\n\t\t\t\t<\/div>\n\t\t\t\t\t\t\n\t\t<\/div>\n\n\t\t\t\t\t\t<\/div>\n\t\t<div class=\"uael-post__footer\">\n\t\t\t\t\t<\/div>\n\t\t\t\t\t\t<\/div>\n\t\t\t\t<\/div>\n\t\t\t\t\t<\/div>\n\t\t\t\t<\/div>\n\t\t<div class=\"elementor-element elementor-element-7b150d06 e-flex e-con-boxed e-con e-parent\" data-id=\"7b150d06\" data-element_type=\"container\" data-e-type=\"container\">\n\t\t\t\t\t<div class=\"e-con-inner\">\n\t\t\t\t<div class=\"elementor-element elementor-element-46e714ed elementor-widget elementor-widget-heading\" data-id=\"46e714ed\" data-element_type=\"widget\" data-e-type=\"widget\" data-widget_type=\"heading.default\">\n\t\t\t\t<div class=\"elementor-widget-container\">\n\t\t\t\t\t<h2 class=\"elementor-heading-title elementor-size-default\">Ulteriori riferimenti<\/h2>\t\t\t\t<\/div>\n\t\t\t\t<\/div>\n\t\t\t\t<div class=\"elementor-element elementor-element-4f2eff3e elementor-grid-3 elementor-grid-tablet-2 elementor-grid-mobile-1 elementor-posts--thumbnail-top elementor-widget elementor-widget-posts\" data-id=\"4f2eff3e\" data-element_type=\"widget\" data-e-type=\"widget\" data-settings=\"{&quot;classic_columns&quot;:&quot;3&quot;,&quot;classic_columns_tablet&quot;:&quot;2&quot;,&quot;classic_columns_mobile&quot;:&quot;1&quot;,&quot;classic_row_gap&quot;:{&quot;unit&quot;:&quot;px&quot;,&quot;size&quot;:35,&quot;sizes&quot;:[]},&quot;classic_row_gap_tablet&quot;:{&quot;unit&quot;:&quot;px&quot;,&quot;size&quot;:&quot;&quot;,&quot;sizes&quot;:[]},&quot;classic_row_gap_mobile&quot;:{&quot;unit&quot;:&quot;px&quot;,&quot;size&quot;:&quot;&quot;,&quot;sizes&quot;:[]}}\" data-widget_type=\"posts.classic\">\n\t\t\t\t<div class=\"elementor-widget-container\">\n\t\t\t\t\t\t\t<div class=\"elementor-posts-container elementor-posts elementor-posts--skin-classic elementor-grid\" role=\"list\">\n\t\t\t\t<article class=\"elementor-post elementor-grid-item post-11298 post type-post status-publish format-standard has-post-thumbnail hentry category-referenzen tag-einfamilienhaus tag-exergiemaschine\" role=\"listitem\">\n\t\t\t\t<a class=\"elementor-post__thumbnail__link\" href=\"https:\/\/varmeco.de\/it\/referenzen\/so-gut-funktioniert-die-waermepumpen-heizung-im-fachwerkhaus\/\" tabindex=\"-1\" target=\"&quot;_blank&quot;\">\n\t\t\t<div class=\"elementor-post__thumbnail\"><img loading=\"lazy\" decoding=\"async\" width=\"683\" height=\"1024\" src=\"https:\/\/varmeco.de\/wp-content\/uploads\/2024\/07\/Kaufbeuren-Fachwerkhaus-Diebl-Aussen-683x1024.jpg\" class=\"attachment-large size-large wp-image-11304\" alt=\"Vista esterna varw diebel\" title=\"\" srcset=\"https:\/\/varmeco.de\/wp-content\/uploads\/2024\/07\/Kaufbeuren-Fachwerkhaus-Diebl-Aussen-683x1024.jpg 683w, https:\/\/varmeco.de\/wp-content\/uploads\/2024\/07\/Kaufbeuren-Fachwerkhaus-Diebl-Aussen-200x300.jpg 200w, https:\/\/varmeco.de\/wp-content\/uploads\/2024\/07\/Kaufbeuren-Fachwerkhaus-Diebl-Aussen-768x1152.jpg 768w, https:\/\/varmeco.de\/wp-content\/uploads\/2024\/07\/Kaufbeuren-Fachwerkhaus-Diebl-Aussen-1024x1536.jpg 1024w, https:\/\/varmeco.de\/wp-content\/uploads\/2024\/07\/Kaufbeuren-Fachwerkhaus-Diebl-Aussen-1366x2048.jpg 1366w, https:\/\/varmeco.de\/wp-content\/uploads\/2024\/07\/Kaufbeuren-Fachwerkhaus-Diebl-Aussen-scaled.jpg 1707w\" sizes=\"(max-width: 683px) 100vw, 683px\" \/><\/div>\n\t\t<\/a>\n\t\t\t\t<div class=\"elementor-post__text\">\n\t\t\t\t<h3 class=\"elementor-post__title\">\n\t\t\t<a href=\"https:\/\/varmeco.de\/it\/referenzen\/so-gut-funktioniert-die-waermepumpen-heizung-im-fachwerkhaus\/\" target=\"&quot;_blank&quot;\">\n\t\t\t\tEcco come funziona il riscaldamento a pompa di calore in una casa a graticcio\t\t\t<\/a>\n\t\t<\/h3>\n\t\t\t\t<\/div>\n\t\t\t\t<\/article>\n\t\t\t\t<article class=\"elementor-post elementor-grid-item post-9684 post type-post status-publish format-standard has-post-thumbnail hentry category-referenzen tag-einfamilienhaus tag-exergiemaschine\" role=\"listitem\">\n\t\t\t\t<a class=\"elementor-post__thumbnail__link\" href=\"https:\/\/varmeco.de\/it\/referenzen\/mehrfamilienhaus-aus-den-1970er-jahren-mit-3-wohneinheiten\/\" tabindex=\"-1\" target=\"&quot;_blank&quot;\">\n\t\t\t<div class=\"elementor-post__thumbnail\"><img loading=\"lazy\" decoding=\"async\" width=\"800\" height=\"533\" src=\"https:\/\/varmeco.de\/wp-content\/uploads\/2024\/01\/altbausanierung_exergiemaschine_02_800.jpg\" class=\"attachment-large size-large wp-image-9687\" alt=\"Ristrutturazione di vecchi edifici in condomini con la macchina eXergy\" title=\"\" srcset=\"https:\/\/varmeco.de\/wp-content\/uploads\/2024\/01\/altbausanierung_exergiemaschine_02_800.jpg 800w, https:\/\/varmeco.de\/wp-content\/uploads\/2024\/01\/altbausanierung_exergiemaschine_02_800-300x200.jpg 300w, https:\/\/varmeco.de\/wp-content\/uploads\/2024\/01\/altbausanierung_exergiemaschine_02_800-768x512.jpg 768w\" sizes=\"(max-width: 800px) 100vw, 800px\" \/><\/div>\n\t\t<\/a>\n\t\t\t\t<div class=\"elementor-post__text\">\n\t\t\t\t<h3 class=\"elementor-post__title\">\n\t\t\t<a href=\"https:\/\/varmeco.de\/it\/referenzen\/mehrfamilienhaus-aus-den-1970er-jahren-mit-3-wohneinheiten\/\" target=\"&quot;_blank&quot;\">\n\t\t\t\tRistrutturazione di vecchi edifici: da divoratori di CO2 a case ad alto consumo energetico\t\t\t<\/a>\n\t\t<\/h3>\n\t\t\t\t<\/div>\n\t\t\t\t<\/article>\n\t\t\t\t<article class=\"elementor-post elementor-grid-item post-5029 post type-post status-publish format-standard has-post-thumbnail hentry category-referenzen tag-exergiemaschine tag-wohnanlage\" role=\"listitem\">\n\t\t\t\t<a class=\"elementor-post__thumbnail__link\" href=\"https:\/\/varmeco.de\/it\/referenzen\/augsburg-wohnanlage-hammerschmiede\/\" tabindex=\"-1\" target=\"&quot;_blank&quot;\">\n\t\t\t<div class=\"elementor-post__thumbnail\"><img loading=\"lazy\" decoding=\"async\" width=\"800\" height=\"400\" src=\"https:\/\/varmeco.de\/wp-content\/uploads\/2021\/06\/86167-Augsburg-Wohnanlage-Hammerschmiede-800_01.jpg\" class=\"attachment-large size-large wp-image-5030\" alt=\"\" title=\"\" srcset=\"https:\/\/varmeco.de\/wp-content\/uploads\/2021\/06\/86167-Augsburg-Wohnanlage-Hammerschmiede-800_01.jpg 800w, https:\/\/varmeco.de\/wp-content\/uploads\/2021\/06\/86167-Augsburg-Wohnanlage-Hammerschmiede-800_01-300x150.jpg 300w, https:\/\/varmeco.de\/wp-content\/uploads\/2021\/06\/86167-Augsburg-Wohnanlage-Hammerschmiede-800_01-768x384.jpg 768w\" sizes=\"(max-width: 800px) 100vw, 800px\" \/><\/div>\n\t\t<\/a>\n\t\t\t\t<div class=\"elementor-post__text\">\n\t\t\t\t<h3 class=\"elementor-post__title\">\n\t\t\t<a href=\"https:\/\/varmeco.de\/it\/referenzen\/augsburg-wohnanlage-hammerschmiede\/\" target=\"&quot;_blank&quot;\">\n\t\t\t\tAugsburg - Complesso residenziale Hammerschmiede\t\t\t<\/a>\n\t\t<\/h3>\n\t\t\t\t<\/div>\n\t\t\t\t<\/article>\n\t\t\t\t<\/div>\n\t\t\n\t\t\t\t\t\t<\/div>\n\t\t\t\t<\/div>\n\t\t\t\t\t<\/div>\n\t\t\t\t<\/div>\n\t\t<div class=\"elementor-element elementor-element-4e639bd6 e-flex e-con-boxed e-con e-parent\" data-id=\"4e639bd6\" data-element_type=\"container\" data-e-type=\"container\" data-settings=\"{&quot;background_background&quot;:&quot;classic&quot;}\">\n\t\t\t\t\t<div class=\"e-con-inner\">\n\t\t<div class=\"elementor-element elementor-element-2aa29830 e-con-full e-flex e-con e-child\" data-id=\"2aa29830\" data-element_type=\"container\" data-e-type=\"container\">\n\t\t\t\t<div class=\"elementor-element elementor-element-4d629c5a elementor-widget elementor-widget-heading\" data-id=\"4d629c5a\" data-element_type=\"widget\" data-e-type=\"widget\" data-widget_type=\"heading.default\">\n\t\t\t\t<div class=\"elementor-widget-container\">\n\t\t\t\t\t<h2 class=\"elementor-heading-title elementor-size-default\">Domande frequenti, spiegate in modo semplice<\/h2>\t\t\t\t<\/div>\n\t\t\t\t<\/div>\n\t\t\t\t<div class=\"elementor-element elementor-element-284b33b2 elementor-widget elementor-widget-accordion\" data-id=\"284b33b2\" data-element_type=\"widget\" data-e-type=\"widget\" data-widget_type=\"accordion.default\">\n\t\t\t\t<div class=\"elementor-widget-container\">\n\t\t\t\t\t\t\t<div class=\"elementor-accordion\">\n\t\t\t\t\t\t\t<div class=\"elementor-accordion-item\">\n\t\t\t\t\t<div id=\"elementor-tab-title-6761\" class=\"elementor-tab-title\" data-tab=\"1\" role=\"button\" aria-controls=\"elementor-tab-content-6761\" aria-expanded=\"false\">\n\t\t\t\t\t\t\t\t\t\t\t\t\t<span class=\"elementor-accordion-icon elementor-accordion-icon-left\" aria-hidden=\"true\">\n\t\t\t\t\t\t\t\t\t\t\t\t\t\t\t<span class=\"elementor-accordion-icon-closed\"><i class=\"fas fa-plus\"><\/i><\/span>\n\t\t\t\t\t\t\t\t<span class=\"elementor-accordion-icon-opened\"><i class=\"fas fa-minus\"><\/i><\/span>\n\t\t\t\t\t\t\t\t\t\t\t\t\t\t<\/span>\n\t\t\t\t\t\t\t\t\t\t\t\t<a class=\"elementor-accordion-title\" tabindex=\"0\">Che cos'\u00e8 l'exergia?<\/a>\n\t\t\t\t\t<\/div>\n\t\t\t\t\t<div id=\"elementor-tab-content-6761\" class=\"elementor-tab-content elementor-clearfix\" data-tab=\"1\" role=\"region\" aria-labelledby=\"elementor-tab-title-6761\"><p data-pm-slice=\"1 1 []\">Da un punto di vista fisico, l'energia si conserva sempre. Tuttavia, \u00e8 composta da parti utilizzabili, l'exergia, e da parti non direttamente utilizzabili, la cosiddetta anergia.<\/p><p>Energia = exergia + anergia<\/p><p>Nella termodinamica tecnica, l'exergia si riferisce alla parte dell'energia che pu\u00f2 compiere lavoro. Nella tecnologia del riscaldamento, l'exergia \u00e8 la parte che porta ai flussi di calore grazie al livello di temperatura pi\u00f9 elevato e che rende possibile il riscaldamento degli ambienti e dell'acqua calda sanitaria.<\/p><p><a href=\"https:\/\/varmeco.de\/it\/themenwelten\/den-exergie-nutzen-entdecken\/\">Per saperne di pi\u00f9<\/a><\/p><\/div>\n\t\t\t\t<\/div>\n\t\t\t\t\t\t\t<div class=\"elementor-accordion-item\">\n\t\t\t\t\t<div id=\"elementor-tab-title-6762\" class=\"elementor-tab-title\" data-tab=\"2\" role=\"button\" aria-controls=\"elementor-tab-content-6762\" aria-expanded=\"false\">\n\t\t\t\t\t\t\t\t\t\t\t\t\t<span class=\"elementor-accordion-icon elementor-accordion-icon-left\" aria-hidden=\"true\">\n\t\t\t\t\t\t\t\t\t\t\t\t\t\t\t<span class=\"elementor-accordion-icon-closed\"><i class=\"fas fa-plus\"><\/i><\/span>\n\t\t\t\t\t\t\t\t<span class=\"elementor-accordion-icon-opened\"><i class=\"fas fa-minus\"><\/i><\/span>\n\t\t\t\t\t\t\t\t\t\t\t\t\t\t<\/span>\n\t\t\t\t\t\t\t\t\t\t\t\t<a class=\"elementor-accordion-title\" tabindex=\"0\">Cosa significa ottimizzazione dell'energia?<\/a>\n\t\t\t\t\t<\/div>\n\t\t\t\t\t<div id=\"elementor-tab-content-6762\" class=\"elementor-tab-content elementor-clearfix\" data-tab=\"2\" role=\"region\" aria-labelledby=\"elementor-tab-title-6762\"><p data-pm-slice=\"1 1 []\">L'exergia, ovvero la percentuale di energia che determina l'utilizzo del calore, deve essere oggetto di maggiore attenzione. L'ottimizzazione dell'exergia \u00e8 infatti la chiave dell'efficienza del sistema.<\/p><p data-pm-slice=\"1 1 []\"><a href=\"https:\/\/varmeco.de\/it\/themenwelten\/von-vernetzten-regelsystemen-profitieren\/\">Per saperne di pi\u00f9<\/a><\/p><\/div>\n\t\t\t\t<\/div>\n\t\t\t\t\t\t\t<div class=\"elementor-accordion-item\">\n\t\t\t\t\t<div id=\"elementor-tab-title-6763\" class=\"elementor-tab-title\" data-tab=\"3\" role=\"button\" aria-controls=\"elementor-tab-content-6763\" aria-expanded=\"false\">\n\t\t\t\t\t\t\t\t\t\t\t\t\t<span class=\"elementor-accordion-icon elementor-accordion-icon-left\" aria-hidden=\"true\">\n\t\t\t\t\t\t\t\t\t\t\t\t\t\t\t<span class=\"elementor-accordion-icon-closed\"><i class=\"fas fa-plus\"><\/i><\/span>\n\t\t\t\t\t\t\t\t<span class=\"elementor-accordion-icon-opened\"><i class=\"fas fa-minus\"><\/i><\/span>\n\t\t\t\t\t\t\t\t\t\t\t\t\t\t<\/span>\n\t\t\t\t\t\t\t\t\t\t\t\t<a class=\"elementor-accordion-title\" tabindex=\"0\">Se i diversi intervalli di temperatura di un serbatoio di stoccaggio dell'acqua ben stratificato sono completamente mescolati, l'acqua finisce per avere una temperatura media uniforme.<\/a>\n\t\t\t\t\t<\/div>\n\t\t\t\t\t<div id=\"elementor-tab-content-6763\" class=\"elementor-tab-content elementor-clearfix\" data-tab=\"3\" role=\"region\" aria-labelledby=\"elementor-tab-title-6763\"><p>Se i diversi intervalli di temperatura di un serbatoio di stoccaggio dell'acqua ben stratificato sono completamente mescolati, l'acqua finisce per avere una temperatura media uniforme.<br \/>Il contenuto energetico dell'accumulatore rimane invariato. Durante questo processo, l'acqua calda trasferisce il suo calore all'acqua pi\u00f9 fredda. Ci\u00f2 significa che l'exergia, che esisteva al livello di temperatura pi\u00f9 alto rispetto alla temperatura media e che \u00e8 stata utilizzata, ad esempio, per<br \/>L'energia necessaria per riscaldare l'acqua potabile \u00e8 scomparsa, irrimediabilmente, irreversibilmente. L'exergia \u00e8 diventata anergia. L'anergia \u00e8 un'energia che non pu\u00f2 pi\u00f9 essere utilizzata (senza un nuovo apporto di energia). Solo utilizzando degli ausili (ad esempio l'elettricit\u00e0) pu\u00f2 essere nuovamente utilizzata.<br \/>l'energia prodotta. <br \/>A differenza dell'energia, l'exergia pu\u00f2 quindi essere ridotta o addirittura completamente distrutta.<\/p><p><a href=\"https:\/\/varmeco.de\/it\/themenwelten\/pufferspeicher-zentrale-komponente\/\">Per saperne di pi\u00f9<\/a><\/p><\/div>\n\t\t\t\t<\/div>\n\t\t\t\t\t\t\t<div class=\"elementor-accordion-item\">\n\t\t\t\t\t<div id=\"elementor-tab-title-6764\" class=\"elementor-tab-title\" data-tab=\"4\" role=\"button\" aria-controls=\"elementor-tab-content-6764\" aria-expanded=\"false\">\n\t\t\t\t\t\t\t\t\t\t\t\t\t<span class=\"elementor-accordion-icon elementor-accordion-icon-left\" aria-hidden=\"true\">\n\t\t\t\t\t\t\t\t\t\t\t\t\t\t\t<span class=\"elementor-accordion-icon-closed\"><i class=\"fas fa-plus\"><\/i><\/span>\n\t\t\t\t\t\t\t\t<span class=\"elementor-accordion-icon-opened\"><i class=\"fas fa-minus\"><\/i><\/span>\n\t\t\t\t\t\t\t\t\t\t\t\t\t\t<\/span>\n\t\t\t\t\t\t\t\t\t\t\t\t<a class=\"elementor-accordion-title\" tabindex=\"0\">In che modo la tecnologia varmeco per l'acqua dolce con gli scaldacqua istantanei protegge dalla legionella e allo stesso tempo fa risparmiare energia?<\/a>\n\t\t\t\t\t<\/div>\n\t\t\t\t\t<div id=\"elementor-tab-content-6764\" class=\"elementor-tab-content elementor-clearfix\" data-tab=\"4\" role=\"region\" aria-labelledby=\"elementor-tab-title-6764\"><p>La tecnologia varmeco per l'acqua dolce utilizza scaldacqua istantanei per riscaldare l'acqua calda sanitaria solo quando \u00e8 necessaria, eliminando la necessit\u00e0 di immagazzinarla in un serbatoio per l'acqua calda sanitaria e inibendo la crescita di germi (ad esempio la legionella). Il controllore VarCon211 integrato attiva la pompa di carico solo quando \u00e8 richiesta l'acqua potabile, risparmiando energia e garantendo allo stesso tempo l'igiene.<br \/>Grazie alla separazione tra riscaldamento e acqua calda sanitaria e alla regolazione adattiva, il sistema si adatta in modo ottimale alle esigenze quotidiane. Il controllo della pompa di circolazione mantiene l'acqua calda sanitaria alla giusta temperatura e previene la proliferazione dei batteri della legionella, garantendo un elevato livello di comfort e sicurezza dell'acqua calda.<\/p><p><a href=\"https:\/\/varmeco.de\/it\/themenwelten\/hygienische-frischwassertechnik-erleben\/\">Per saperne di pi\u00f9<\/a><\/p><\/div>\n\t\t\t\t<\/div>\n\t\t\t\t\t\t\t<div class=\"elementor-accordion-item\">\n\t\t\t\t\t<div id=\"elementor-tab-title-6765\" class=\"elementor-tab-title\" data-tab=\"5\" role=\"button\" aria-controls=\"elementor-tab-content-6765\" aria-expanded=\"false\">\n\t\t\t\t\t\t\t\t\t\t\t\t\t<span class=\"elementor-accordion-icon elementor-accordion-icon-left\" aria-hidden=\"true\">\n\t\t\t\t\t\t\t\t\t\t\t\t\t\t\t<span class=\"elementor-accordion-icon-closed\"><i class=\"fas fa-plus\"><\/i><\/span>\n\t\t\t\t\t\t\t\t<span class=\"elementor-accordion-icon-opened\"><i class=\"fas fa-minus\"><\/i><\/span>\n\t\t\t\t\t\t\t\t\t\t\t\t\t\t<\/span>\n\t\t\t\t\t\t\t\t\t\t\t\t<a class=\"elementor-accordion-title\" tabindex=\"0\">Come funziona l'utilizzo del calore di scarto con la macchina eXergy e quali vantaggi offre?<\/a>\n\t\t\t\t\t<\/div>\n\t\t\t\t\t<div id=\"elementor-tab-content-6765\" class=\"elementor-tab-content elementor-clearfix\" data-tab=\"5\" role=\"region\" aria-labelledby=\"elementor-tab-title-6765\"><p data-pm-slice=\"1 1 []\">La macchina eXergy ricicla il calore di scarto che fuoriesce inutilizzato in molte aziende e lo trasforma in calore utilizzabile. Aumenta la temperatura del calore di scarto a un livello utilizzabile e contemporaneamente raffredda la parte inferiore dell'accumulatore di calore, migliorando l'efficienza delle fonti di calore. Questo utilizzo efficiente consente di risparmiare energia e di risparmiare sul portafoglio e sull'ambiente.<\/p><p>La macchina eXergy \u00e8 una pompa di calore speciale che consente di raggiungere temperature elevate alla sorgente e un ampio intervallo di temperatura. Questo la rende un partner ideale per i sistemi di energia rinnovabile, come il solare termico e i moduli ibridi, che lavorano in modo pi\u00f9 efficiente e forniscono pi\u00f9 energia.<\/p><p><a href=\"https:\/\/varmeco.de\/it\/themenwelten\/abwaermenutzung\/\">Per saperne di pi\u00f9<\/a><\/p><\/div>\n\t\t\t\t<\/div>\n\t\t\t\t\t\t\t\t<\/div>\n\t\t\t\t\t\t<\/div>\n\t\t\t\t<\/div>\n\t\t\t\t<\/div>\n\t\t\t\t\t<\/div>\n\t\t\t\t<\/div>\n\t\t<div class=\"elementor-element elementor-element-2f01697c e-flex e-con-boxed e-con e-parent\" data-id=\"2f01697c\" data-element_type=\"container\" data-e-type=\"container\" data-settings=\"{&quot;background_background&quot;:&quot;classic&quot;}\">\n\t\t\t\t\t<div class=\"e-con-inner\">\n\t\t<div class=\"elementor-element elementor-element-3c081d31 e-con-full e-flex e-con e-child\" data-id=\"3c081d31\" data-element_type=\"container\" data-e-type=\"container\">\n\t\t\t\t<div class=\"elementor-element elementor-element-5fb089e8 elementor-widget elementor-widget-image\" data-id=\"5fb089e8\" data-element_type=\"widget\" data-e-type=\"widget\" data-widget_type=\"image.default\">\n\t\t\t\t<div class=\"elementor-widget-container\">\n\t\t\t\t\t\t\t\t\t\t\t\t\t\t\t<img loading=\"lazy\" decoding=\"async\" width=\"300\" height=\"200\" src=\"https:\/\/varmeco.de\/wp-content\/uploads\/2025\/08\/LM_0932-2-2.png\" class=\"attachment-medium size-medium wp-image-15279\" alt=\"\" srcset=\"https:\/\/varmeco.de\/wp-content\/uploads\/2025\/08\/LM_0932-2-2.png 300w, https:\/\/varmeco.de\/wp-content\/uploads\/2025\/08\/LM_0932-2-2-18x12.png 18w\" sizes=\"(max-width: 300px) 100vw, 300px\" title=\"\">\t\t\t\t\t\t\t\t\t\t\t\t\t\t\t<\/div>\n\t\t\t\t<\/div>\n\t\t\t\t<div class=\"elementor-element elementor-element-1dc09243 elementor-widget elementor-widget-heading\" data-id=\"1dc09243\" data-element_type=\"widget\" data-e-type=\"widget\" data-widget_type=\"heading.default\">\n\t\t\t\t<div class=\"elementor-widget-container\">\n\t\t\t\t\t<h2 class=\"elementor-heading-title elementor-size-default\">Domande? Con piacere!<\/h2>\t\t\t\t<\/div>\n\t\t\t\t<\/div>\n\t\t\t\t<div class=\"elementor-element elementor-element-7137e562 elementor-widget elementor-widget-text-editor\" data-id=\"7137e562\" data-element_type=\"widget\" data-e-type=\"widget\" data-widget_type=\"text-editor.default\">\n\t\t\t\t<div class=\"elementor-widget-container\">\n\t\t\t\t\t\t\t\t\t<p>Mettetevi in contatto con noi. Che siate proprietari di una <br \/>Sistema di riscaldamento, cliente commerciale\/industriale o autorit\u00e0 locale <br \/>Qui troverete il vostro contatto con varmeco.<\/p>\t\t\t\t\t\t\t\t<\/div>\n\t\t\t\t<\/div>\n\t\t\t\t<div class=\"elementor-element elementor-element-517a8e79 elementor-align-center elementor-widget elementor-widget-button\" data-id=\"517a8e79\" data-element_type=\"widget\" data-e-type=\"widget\" data-widget_type=\"button.default\">\n\t\t\t\t<div class=\"elementor-widget-container\">\n\t\t\t\t\t\t\t\t\t<div class=\"elementor-button-wrapper\">\n\t\t\t\t\t<a class=\"elementor-button elementor-button-link elementor-size-sm\" href=\"https:\/\/varmeco.de\/it\/zentrale\/\">\n\t\t\t\t\t\t<span class=\"elementor-button-content-wrapper\">\n\t\t\t\t\t\t\t\t\t<span class=\"elementor-button-text\">Richiesta di consulenza specialistica<\/span>\n\t\t\t\t\t<\/span>\n\t\t\t\t\t<\/a>\n\t\t\t\t<\/div>\n\t\t\t\t\t\t\t\t<\/div>\n\t\t\t\t<\/div>\n\t\t\t\t<\/div>\n\t\t<div class=\"elementor-element elementor-element-77e00d0f e-con-full e-flex e-con e-child\" data-id=\"77e00d0f\" data-element_type=\"container\" data-e-type=\"container\">\n\t\t\t\t<div class=\"elementor-element elementor-element-1046576d elementor-widget elementor-widget-image\" data-id=\"1046576d\" data-element_type=\"widget\" data-e-type=\"widget\" data-widget_type=\"image.default\">\n\t\t\t\t<div class=\"elementor-widget-container\">\n\t\t\t\t\t\t\t\t\t\t\t\t\t\t\t<img loading=\"lazy\" decoding=\"async\" width=\"300\" height=\"200\" src=\"https:\/\/varmeco.de\/wp-content\/uploads\/2025\/08\/Fachpartner_klein2-2-e1757938467649.png\" class=\"attachment-medium size-medium wp-image-15280\" alt=\"\" srcset=\"https:\/\/varmeco.de\/wp-content\/uploads\/2025\/08\/Fachpartner_klein2-2-e1757938467649.png 300w, https:\/\/varmeco.de\/wp-content\/uploads\/2025\/08\/Fachpartner_klein2-2-e1757938467649-18x12.png 18w\" sizes=\"(max-width: 300px) 100vw, 300px\" title=\"\">\t\t\t\t\t\t\t\t\t\t\t\t\t\t\t<\/div>\n\t\t\t\t<\/div>\n\t\t\t\t<div class=\"elementor-element elementor-element-469ca50d elementor-widget elementor-widget-heading\" data-id=\"469ca50d\" data-element_type=\"widget\" data-e-type=\"widget\" data-widget_type=\"heading.default\">\n\t\t\t\t<div class=\"elementor-widget-container\">\n\t\t\t\t\t<h2 class=\"elementor-heading-title elementor-size-default\">Volete diventare un partner specializzato?<\/h2>\t\t\t\t<\/div>\n\t\t\t\t<\/div>\n\t\t\t\t<div class=\"elementor-element elementor-element-78ba0031 elementor-widget elementor-widget-text-editor\" data-id=\"78ba0031\" data-element_type=\"widget\" data-e-type=\"widget\" data-widget_type=\"text-editor.default\">\n\t\t\t\t<div class=\"elementor-widget-container\">\n\t\t\t\t\t\t\t\t\t<p>Approfittate dei vantaggi informativi come partner!<br \/>Non avete ancora i dati di accesso? <br \/>La registrazione \u00e8 rapida e non vincolante.<\/p>\t\t\t\t\t\t\t\t<\/div>\n\t\t\t\t<\/div>\n\t\t\t\t<div class=\"elementor-element elementor-element-67c7a06 elementor-align-center elementor-widget elementor-widget-button\" data-id=\"67c7a06\" data-element_type=\"widget\" data-e-type=\"widget\" data-widget_type=\"button.default\">\n\t\t\t\t<div class=\"elementor-widget-container\">\n\t\t\t\t\t\t\t\t\t<div class=\"elementor-button-wrapper\">\n\t\t\t\t\t<a class=\"elementor-button elementor-button-link elementor-size-sm\" href=\"https:\/\/partner.varmeco.de\/\">\n\t\t\t\t\t\t<span class=\"elementor-button-content-wrapper\">\n\t\t\t\t\t\t\t\t\t<span class=\"elementor-button-text\">Registrati ora<\/span>\n\t\t\t\t\t<\/span>\n\t\t\t\t\t<\/a>\n\t\t\t\t<\/div>\n\t\t\t\t\t\t\t\t<\/div>\n\t\t\t\t<\/div>\n\t\t\t\t<\/div>\n\t\t\t\t\t<\/div>\n\t\t\t\t<\/div>\n\t\t\t\t<\/div>","protected":false},"excerpt":{"rendered":"<p>Fornitura di teleriscaldamento pi\u00f9 efficiente grazie all'eXergiemaschine e alla stratificazione ottimizzata della temperatura Messa in servizio: 2020 Esecuzione: Vfn a 2 unit\u00e0 in cascata ExOpt Capacit\u00e0 di erogazione: 50 l\/min per sistema Esecuzione serbatoio di accumulo: in ogni caso<\/p>","protected":false},"author":3,"featured_media":5030,"comment_status":"closed","ping_status":"closed","sticky":false,"template":"","format":"standard","meta":{"_acf_changed":false,"site-sidebar-layout":"default","site-content-layout":"default","ast-site-content-layout":"default","site-content-style":"default","site-sidebar-style":"default","ast-global-header-display":"","ast-banner-title-visibility":"","ast-main-header-display":"","ast-hfb-above-header-display":"","ast-hfb-below-header-display":"","ast-hfb-mobile-header-display":"","site-post-title":"","ast-breadcrumbs-content":"","ast-featured-img":"","footer-sml-layout":"","ast-disable-related-posts":"","theme-transparent-header-meta":"default","adv-header-id-meta":"","stick-header-meta":"default","header-above-stick-meta":"","header-main-stick-meta":"","header-below-stick-meta":"","astra-migrate-meta-layouts":"set","ast-page-background-enabled":"default","ast-page-background-meta":{"desktop":{"background-color":"","background-image":"","background-repeat":"repeat","background-position":"center center","background-size":"auto","background-attachment":"scroll","background-type":"","background-media":"","overlay-type":"","overlay-color":"","overlay-opacity":"","overlay-gradient":""},"tablet":{"background-color":"","background-image":"","background-repeat":"repeat","background-position":"center center","background-size":"auto","background-attachment":"scroll","background-type":"","background-media":"","overlay-type":"","overlay-color":"","overlay-opacity":"","overlay-gradient":""},"mobile":{"background-color":"","background-image":"","background-repeat":"repeat","background-position":"center center","background-size":"auto","background-attachment":"scroll","background-type":"","background-media":"","overlay-type":"","overlay-color":"","overlay-opacity":"","overlay-gradient":""}},"ast-content-background-meta":{"desktop":{"background-color":"var(--ast-global-color-5)","background-image":"","background-repeat":"repeat","background-position":"center center","background-size":"auto","background-attachment":"scroll","background-type":"","background-media":"","overlay-type":"","overlay-color":"","overlay-opacity":"","overlay-gradient":""},"tablet":{"background-color":"var(--ast-global-color-5)","background-image":"","background-repeat":"repeat","background-position":"center center","background-size":"auto","background-attachment":"scroll","background-type":"","background-media":"","overlay-type":"","overlay-color":"","overlay-opacity":"","overlay-gradient":""},"mobile":{"background-color":"var(--ast-global-color-5)","background-image":"","background-repeat":"repeat","background-position":"center center","background-size":"auto","background-attachment":"scroll","background-type":"","background-media":"","overlay-type":"","overlay-color":"","overlay-opacity":"","overlay-gradient":""}},"footnotes":""},"categories":[11],"tags":[27,18],"post_folder":[],"class_list":["post-5029","post","type-post","status-publish","format-standard","has-post-thumbnail","hentry","category-referenzen","tag-exergiemaschine","tag-wohnanlage"],"acf":[],"_links":{"self":[{"href":"https:\/\/varmeco.de\/it\/wp-json\/wp\/v2\/posts\/5029","targetHints":{"allow":["GET"]}}],"collection":[{"href":"https:\/\/varmeco.de\/it\/wp-json\/wp\/v2\/posts"}],"about":[{"href":"https:\/\/varmeco.de\/it\/wp-json\/wp\/v2\/types\/post"}],"author":[{"embeddable":true,"href":"https:\/\/varmeco.de\/it\/wp-json\/wp\/v2\/users\/3"}],"replies":[{"embeddable":true,"href":"https:\/\/varmeco.de\/it\/wp-json\/wp\/v2\/comments?post=5029"}],"version-history":[{"count":23,"href":"https:\/\/varmeco.de\/it\/wp-json\/wp\/v2\/posts\/5029\/revisions"}],"predecessor-version":[{"id":23876,"href":"https:\/\/varmeco.de\/it\/wp-json\/wp\/v2\/posts\/5029\/revisions\/23876"}],"wp:featuredmedia":[{"embeddable":true,"href":"https:\/\/varmeco.de\/it\/wp-json\/wp\/v2\/media\/5030"}],"wp:attachment":[{"href":"https:\/\/varmeco.de\/it\/wp-json\/wp\/v2\/media?parent=5029"}],"wp:term":[{"taxonomy":"category","embeddable":true,"href":"https:\/\/varmeco.de\/it\/wp-json\/wp\/v2\/categories?post=5029"},{"taxonomy":"post_tag","embeddable":true,"href":"https:\/\/varmeco.de\/it\/wp-json\/wp\/v2\/tags?post=5029"},{"taxonomy":"post_folder","embeddable":true,"href":"https:\/\/varmeco.de\/it\/wp-json\/wp\/v2\/post_folder?post=5029"}],"curies":[{"name":"wp","href":"https:\/\/api.w.org\/{rel}","templated":true}]}}